{"id":2001,"date":"2018-10-03T14:32:27","date_gmt":"2018-10-03T14:32:27","guid":{"rendered":"https:\/\/allasorias.hu\/hirek\/?p=2001"},"modified":"2018-10-03T14:32:27","modified_gmt":"2018-10-03T14:32:27","slug":"ki-uralja-a-biztositasi-piacot","status":"publish","type":"post","link":"https:\/\/allasorias.hu\/hirek\/ki-uralja-a-biztositasi-piacot\/","title":{"rendered":"Ki uralja a biztos\u00edt\u00e1si piacot?"},"content":{"rendered":"<p style=\"text-align: justify;\"><strong>Korszer\u0171 digit\u00e1lis megold\u00e1sokkal\u00a0 a fiatalok veszik \u00e1t a vezet\u0151 szerepet bel\u00e1that\u00f3 id\u0151n bel\u00fcl a biztos\u00edt\u00e1si piacon, mely k\u00f6sz\u00f6nhet\u0151en az Y gener\u00e1ci\u00f3nak teljesen \u00e1talakul majd \u2013 jelentette ki Sebesty\u00e9n L\u00e1szl\u00f3, a F\u00fcggetlen Biztos\u00edt\u00e1si Alkuszok Magyarorsz\u00e1gi Sz\u00f6vets\u00e9g\u00e9nek (FBAMSZ) eln\u00f6ke.\u00a0 Az FBAMSZ az \u00f6sszes \u00e9let- \u00e9s nem-\u00e9letbiztos\u00edt\u00e1si szerz\u0151d\u00e9s 16,5%-\u00e1t kezeli.<\/strong><\/p>\n<p style=\"text-align: justify;\">\u00a0\u0150sszel elindul a F\u00dcGE szakmai eduk\u00e1ci\u00f3s program, mely sor\u00e1n \u00fcgyfeleket t\u00e1j\u00e9koztatnak a szakma fontoss\u00e1g\u00e1r\u00f3l, ez t\u00f6bbek k\u00f6zt az MNB alap\u00edtv\u00e1nyi t\u00e1mogat\u00e1s\u00e1b\u00f3l val\u00f3sul meg. Az eln\u00f6k szerint ahhoz, hogy az MNB \u00e1ltal v\u00e1rt v\u00e1rt, 2-szeres, 3-szoros n\u00f6veked\u00e9st, amit 10 \u00e9ven bel\u00fcl prognosztiz\u00e1ltak el lehessen \u00e9rni, sz\u00fcks\u00e9g van a t\u00e1mogat\u00f3 szab\u00e1lyoz\u00f3i \u00e9s gazdas\u00e1gi k\u00f6rnyezetre is.<\/p>\n<p style=\"text-align: justify;\">2020-ra az Y-gener\u00e1ci\u00f3sok jelentik majd a munkaer\u0151piac 50%-\u00e1t, ez az ar\u00e1ny 2025-re ez 75%-ra n\u0151.. Egy bemutatott kutat\u00e1sb\u00f3l egy\u00e9bk\u00e9nt kider\u00fcl az is, hogy az Y\/Z gener\u00e1ci\u00f3sok 71%-a tervezi t\u00e1mogatni a sz\u00fcleit id\u0151sebb kor\u00e1ban.<\/p>\n<p><em>Forr\u00e1s, tov\u00e1bbi inform\u00e1ci\u00f3k: portfolio.hu<\/em><\/p>\n","protected":false},"excerpt":{"rendered":"<p>Korszer\u0171 digit\u00e1lis megold\u00e1sokkal\u00a0 a fiatalok veszik \u00e1t a vezet\u0151 szerepet bel\u00e1that\u00f3 id\u0151n bel\u00fcl a biztos\u00edt\u00e1si piacon, mely k\u00f6sz\u00f6nhet\u0151en az Y gener\u00e1ci\u00f3nak teljesen \u00e1talakul majd \u2013 jelentette ki Sebesty\u00e9n L\u00e1szl\u00f3, a F\u00fcggetlen Biztos\u00edt\u00e1si Alkuszok Magyarorsz\u00e1gi Sz\u00f6vets\u00e9g\u00e9nek (FBAMSZ) eln\u00f6ke.\u00a0 Az FBAMSZ az \u00f6sszes \u00e9let- \u00e9s nem-\u00e9letbiztos\u00edt\u00e1si szerz\u0151d\u00e9s 16,5%-\u00e1t kezeli. \u00a0\u0150sszel elindul a F\u00dcGE szakmai eduk\u00e1ci\u00f3s program, mely [&hellip;]<\/p>\n","protected":false},"author":1,"featured_media":2002,"comment_status":"open","ping_status":"open","sticky":false,"template":"","format":"standard","meta":{"_monsterinsights_skip_tracking":false,"footnotes":""},"categories":[198,200],"tags":[],"class_list":["post-2001","post","type-post","status-publish","format-standard","has-post-thumbnail","hentry","category-gazdasag","category-munkaeropiac"],"aioseo_notices":[],"aioseo_head":"\n\t\t<!-- All in One SEO 5.0.0.1 - aioseo.com -->\n\t<meta name=\"description\" content=\"Korszer\u0171 digit\u00e1lis megold\u00e1sokkal a fiatalok veszik \u00e1t a vezet\u0151 szerepet bel\u00e1that\u00f3 id\u0151n bel\u00fcl a biztos\u00edt\u00e1si piacon, mely k\u00f6sz\u00f6nhet\u0151en az Y gener\u00e1ci\u00f3nak teljesen \u00e1talakul majd \u2013 jelentette ki Sebesty\u00e9n L\u00e1szl\u00f3, a F\u00fcggetlen Biztos\u00edt\u00e1si Alkuszok Magyarorsz\u00e1gi Sz\u00f6vets\u00e9g\u00e9nek (FBAMSZ) eln\u00f6ke. Az FBAMSZ az \u00f6sszes \u00e9let- \u00e9s nem-\u00e9letbiztos\u00edt\u00e1si szerz\u0151d\u00e9s 16,5%-\u00e1t kezeli. \u0150sszel elindul a F\u00dcGE szakmai eduk\u00e1ci\u00f3s program, mely\" \/>\n\t<meta name=\"robots\" content=\"max-image-preview:large\" \/>\n\t<meta name=\"author\" content=\"Juh\u00e1sz P\u00e9ter\"\/>\n\t<link rel=\"canonical\" href=\"https:\/\/allasorias.hu\/hirek\/ki-uralja-a-biztositasi-piacot\/\" \/>\n\t<meta name=\"generator\" content=\"All in One SEO (AIOSEO) 5.0.0.1\" \/>\n\t\t<meta property=\"og:locale\" content=\"hu_HU\" \/>\n\t\t<meta property=\"og:site_name\" content=\"AllasOrias.hu | H\u00edrek-lapszemle | \u00dczleti h\u00edrek az \u00e1ll\u00e1s \u00e9s a munka vil\u00e1g\u00e1b\u00f3l\" \/>\n\t\t<meta property=\"og:type\" content=\"article\" \/>\n\t\t<meta property=\"og:title\" content=\"Ki uralja a biztos\u00edt\u00e1si piacot? | AllasOrias.hu | H\u00edrek-lapszemle\" \/>\n\t\t<meta property=\"og:description\" content=\"Korszer\u0171 digit\u00e1lis megold\u00e1sokkal a fiatalok veszik \u00e1t a vezet\u0151 szerepet bel\u00e1that\u00f3 id\u0151n bel\u00fcl a biztos\u00edt\u00e1si piacon, mely k\u00f6sz\u00f6nhet\u0151en az Y gener\u00e1ci\u00f3nak teljesen \u00e1talakul majd \u2013 jelentette ki Sebesty\u00e9n L\u00e1szl\u00f3, a F\u00fcggetlen Biztos\u00edt\u00e1si Alkuszok Magyarorsz\u00e1gi Sz\u00f6vets\u00e9g\u00e9nek (FBAMSZ) eln\u00f6ke. Az FBAMSZ az \u00f6sszes \u00e9let- \u00e9s nem-\u00e9letbiztos\u00edt\u00e1si szerz\u0151d\u00e9s 16,5%-\u00e1t kezeli. \u0150sszel elindul a F\u00dcGE szakmai eduk\u00e1ci\u00f3s program, mely\" \/>\n\t\t<meta property=\"og:url\" content=\"https:\/\/allasorias.hu\/hirek\/ki-uralja-a-biztositasi-piacot\/\" \/>\n\t\t<meta property=\"og:image\" content=\"https:\/\/allasorias.hu\/hirek\/wp-content\/uploads\/2018\/10\/biztos.jpg\" \/>\n\t\t<meta property=\"og:image:secure_url\" content=\"https:\/\/allasorias.hu\/hirek\/wp-content\/uploads\/2018\/10\/biztos.jpg\" \/>\n\t\t<meta property=\"og:image:width\" content=\"311\" \/>\n\t\t<meta property=\"og:image:height\" content=\"162\" \/>\n\t\t<meta property=\"article:published_time\" content=\"2018-10-03T14:32:27+00:00\" \/>\n\t\t<meta property=\"article:modified_time\" content=\"2018-10-03T14:32:27+00:00\" \/>\n\t\t<meta property=\"article:publisher\" content=\"https:\/\/www.facebook.com\/allasorias\" \/>\n\t\t<meta name=\"twitter:card\" content=\"summary_large_image\" \/>\n\t\t<meta name=\"twitter:title\" content=\"Ki uralja a biztos\u00edt\u00e1si piacot? | AllasOrias.hu | H\u00edrek-lapszemle\" \/>\n\t\t<meta name=\"twitter:description\" content=\"Korszer\u0171 digit\u00e1lis megold\u00e1sokkal a fiatalok veszik \u00e1t a vezet\u0151 szerepet bel\u00e1that\u00f3 id\u0151n bel\u00fcl a biztos\u00edt\u00e1si piacon, mely k\u00f6sz\u00f6nhet\u0151en az Y gener\u00e1ci\u00f3nak teljesen \u00e1talakul majd \u2013 jelentette ki Sebesty\u00e9n L\u00e1szl\u00f3, a F\u00fcggetlen Biztos\u00edt\u00e1si Alkuszok Magyarorsz\u00e1gi Sz\u00f6vets\u00e9g\u00e9nek (FBAMSZ) eln\u00f6ke. Az FBAMSZ az \u00f6sszes \u00e9let- \u00e9s nem-\u00e9letbiztos\u00edt\u00e1si szerz\u0151d\u00e9s 16,5%-\u00e1t kezeli. \u0150sszel elindul a F\u00dcGE szakmai eduk\u00e1ci\u00f3s program, mely\" \/>\n\t\t<meta name=\"twitter:image\" content=\"https:\/\/allasorias.hu\/hirek\/wp-content\/uploads\/2018\/10\/biztos.jpg\" \/>\n\t\t<meta name=\"twitter:label1\" content=\"Written by\" \/>\n\t\t<meta name=\"twitter:data1\" content=\"Juh\u00e1sz P\u00e9ter\" \/>\n\t\t<meta name=\"twitter:label2\" content=\"Est. reading time\" \/>\n\t\t<meta name=\"twitter:data2\" content=\"1 minute\" \/>\n\t\t<script type=\"application\/ld+json\" class=\"aioseo-schema\">\n\t\t\t{\"@context\":\"https:\\\/\\\/schema.org\",\"@graph\":[{\"@type\":\"Article\",\"@id\":\"https:\\\/\\\/allasorias.hu\\\/hirek\\\/ki-uralja-a-biztositasi-piacot\\\/#article\",\"name\":\"Ki uralja a biztos\\u00edt\\u00e1si piacot? | AllasOrias.hu | H\\u00edrek-lapszemle\",\"headline\":\"Ki uralja a biztos\\u00edt\\u00e1si piacot?\",\"author\":{\"@id\":\"https:\\\/\\\/allasorias.hu\\\/hirek\\\/author\\\/admin-allasorias\\\/#author\"},\"publisher\":{\"@id\":\"https:\\\/\\\/allasorias.hu\\\/hirek\\\/#organization\"},\"image\":{\"@type\":\"ImageObject\",\"url\":\"https:\\\/\\\/allasorias.hu\\\/hirek\\\/wp-content\\\/uploads\\\/2018\\\/10\\\/biztos.jpg\",\"width\":311,\"height\":162},\"datePublished\":\"2018-10-03T14:32:27+02:00\",\"dateModified\":\"2018-10-03T14:32:27+02:00\",\"inLanguage\":\"hu-HU\",\"mainEntityOfPage\":{\"@id\":\"https:\\\/\\\/allasorias.hu\\\/hirek\\\/ki-uralja-a-biztositasi-piacot\\\/#webpage\"},\"isPartOf\":{\"@id\":\"https:\\\/\\\/allasorias.hu\\\/hirek\\\/ki-uralja-a-biztositasi-piacot\\\/#webpage\"},\"articleSection\":\"Gazdas\\u00e1g, Munkaer\\u0151piac\"},{\"@type\":\"BreadcrumbList\",\"@id\":\"https:\\\/\\\/allasorias.hu\\\/hirek\\\/ki-uralja-a-biztositasi-piacot\\\/#breadcrumblist\",\"itemListElement\":[{\"@type\":\"ListItem\",\"@id\":\"https:\\\/\\\/allasorias.hu\\\/hirek#listItem\",\"position\":1,\"name\":\"Home\",\"item\":\"https:\\\/\\\/allasorias.hu\\\/hirek\",\"nextItem\":{\"@type\":\"ListItem\",\"@id\":\"https:\\\/\\\/allasorias.hu\\\/hirek\\\/temak\\\/gazdasag\\\/#listItem\",\"name\":\"Gazdas\\u00e1g\"}},{\"@type\":\"ListItem\",\"@id\":\"https:\\\/\\\/allasorias.hu\\\/hirek\\\/temak\\\/gazdasag\\\/#listItem\",\"position\":2,\"name\":\"Gazdas\\u00e1g\",\"item\":\"https:\\\/\\\/allasorias.hu\\\/hirek\\\/temak\\\/gazdasag\\\/\",\"nextItem\":{\"@type\":\"ListItem\",\"@id\":\"https:\\\/\\\/allasorias.hu\\\/hirek\\\/ki-uralja-a-biztositasi-piacot\\\/#listItem\",\"name\":\"Ki uralja a biztos\\u00edt\\u00e1si piacot?\"},\"previousItem\":{\"@type\":\"ListItem\",\"@id\":\"https:\\\/\\\/allasorias.hu\\\/hirek#listItem\",\"name\":\"Home\"}},{\"@type\":\"ListItem\",\"@id\":\"https:\\\/\\\/allasorias.hu\\\/hirek\\\/ki-uralja-a-biztositasi-piacot\\\/#listItem\",\"position\":3,\"name\":\"Ki uralja a biztos\\u00edt\\u00e1si piacot?\",\"previousItem\":{\"@type\":\"ListItem\",\"@id\":\"https:\\\/\\\/allasorias.hu\\\/hirek\\\/temak\\\/gazdasag\\\/#listItem\",\"name\":\"Gazdas\\u00e1g\"}}]},{\"@type\":\"Organization\",\"@id\":\"https:\\\/\\\/allasorias.hu\\\/hirek\\\/#organization\",\"name\":\"AllasOrias.hu | H\\u00edrek-lapszemle\",\"description\":\"\\u00dczleti h\\u00edrek az \\u00e1ll\\u00e1s \\u00e9s a munka vil\\u00e1g\\u00e1b\\u00f3l\",\"url\":\"https:\\\/\\\/allasorias.hu\\\/hirek\\\/\",\"logo\":{\"@type\":\"ImageObject\",\"url\":\"https:\\\/\\\/allasorias.hu\\\/hirek\\\/wp-content\\\/uploads\\\/2022\\\/10\\\/allasorias_site_facebok_logo.png\",\"@id\":\"https:\\\/\\\/allasorias.hu\\\/hirek\\\/ki-uralja-a-biztositasi-piacot\\\/#organizationLogo\"},\"image\":{\"@id\":\"https:\\\/\\\/allasorias.hu\\\/hirek\\\/ki-uralja-a-biztositasi-piacot\\\/#organizationLogo\"},\"sameAs\":[\"https:\\\/\\\/www.facebook.com\\\/allasorias\",\"https:\\\/\\\/www.linkedin.com\\\/company\\\/allasorias\"]},{\"@type\":\"Person\",\"@id\":\"https:\\\/\\\/allasorias.hu\\\/hirek\\\/author\\\/admin-allasorias\\\/#author\",\"url\":\"https:\\\/\\\/allasorias.hu\\\/hirek\\\/author\\\/admin-allasorias\\\/\",\"name\":\"Juh\\u00e1sz P\\u00e9ter\",\"image\":{\"@type\":\"ImageObject\",\"@id\":\"https:\\\/\\\/allasorias.hu\\\/hirek\\\/ki-uralja-a-biztositasi-piacot\\\/#authorImage\",\"url\":\"https:\\\/\\\/secure.gravatar.com\\\/avatar\\\/36e6bcb83148978b992977cb0f54d22feb0cce8a0a849a9410532bb2623ba4c6?s=96&d=mm&r=g\",\"width\":96,\"height\":96,\"caption\":\"Juh\\u00e1sz P\\u00e9ter\"}},{\"@type\":\"WebPage\",\"@id\":\"https:\\\/\\\/allasorias.hu\\\/hirek\\\/ki-uralja-a-biztositasi-piacot\\\/#webpage\",\"url\":\"https:\\\/\\\/allasorias.hu\\\/hirek\\\/ki-uralja-a-biztositasi-piacot\\\/\",\"name\":\"Ki uralja a biztos\\u00edt\\u00e1si piacot? | AllasOrias.hu | H\\u00edrek-lapszemle\",\"description\":\"Korszer\\u0171 digit\\u00e1lis megold\\u00e1sokkal a fiatalok veszik \\u00e1t a vezet\\u0151 szerepet bel\\u00e1that\\u00f3 id\\u0151n bel\\u00fcl a biztos\\u00edt\\u00e1si piacon, mely k\\u00f6sz\\u00f6nhet\\u0151en az Y gener\\u00e1ci\\u00f3nak teljesen \\u00e1talakul majd \\u2013 jelentette ki Sebesty\\u00e9n L\\u00e1szl\\u00f3, a F\\u00fcggetlen Biztos\\u00edt\\u00e1si Alkuszok Magyarorsz\\u00e1gi Sz\\u00f6vets\\u00e9g\\u00e9nek (FBAMSZ) eln\\u00f6ke. Az FBAMSZ az \\u00f6sszes \\u00e9let- \\u00e9s nem-\\u00e9letbiztos\\u00edt\\u00e1si szerz\\u0151d\\u00e9s 16,5%-\\u00e1t kezeli. \\u0150sszel elindul a F\\u00dcGE szakmai eduk\\u00e1ci\\u00f3s program, mely\",\"inLanguage\":\"hu-HU\",\"isPartOf\":{\"@id\":\"https:\\\/\\\/allasorias.hu\\\/hirek\\\/#website\"},\"breadcrumb\":{\"@id\":\"https:\\\/\\\/allasorias.hu\\\/hirek\\\/ki-uralja-a-biztositasi-piacot\\\/#breadcrumblist\"},\"author\":{\"@id\":\"https:\\\/\\\/allasorias.hu\\\/hirek\\\/author\\\/admin-allasorias\\\/#author\"},\"creator\":{\"@id\":\"https:\\\/\\\/allasorias.hu\\\/hirek\\\/author\\\/admin-allasorias\\\/#author\"},\"image\":{\"@type\":\"ImageObject\",\"url\":\"https:\\\/\\\/allasorias.hu\\\/hirek\\\/wp-content\\\/uploads\\\/2018\\\/10\\\/biztos.jpg\",\"@id\":\"https:\\\/\\\/allasorias.hu\\\/hirek\\\/ki-uralja-a-biztositasi-piacot\\\/#mainImage\",\"width\":311,\"height\":162},\"primaryImageOfPage\":{\"@id\":\"https:\\\/\\\/allasorias.hu\\\/hirek\\\/ki-uralja-a-biztositasi-piacot\\\/#mainImage\"},\"datePublished\":\"2018-10-03T14:32:27+02:00\",\"dateModified\":\"2018-10-03T14:32:27+02:00\"},{\"@type\":\"WebSite\",\"@id\":\"https:\\\/\\\/allasorias.hu\\\/hirek\\\/#website\",\"url\":\"https:\\\/\\\/allasorias.hu\\\/hirek\\\/\",\"name\":\"AllasOrias.hu | H\\u00edrek-lapszemle\",\"description\":\"\\u00dczleti h\\u00edrek az \\u00e1ll\\u00e1s \\u00e9s a munka vil\\u00e1g\\u00e1b\\u00f3l\",\"inLanguage\":\"hu-HU\",\"publisher\":{\"@id\":\"https:\\\/\\\/allasorias.hu\\\/hirek\\\/#organization\"}}]}\n\t\t<\/script>\n\t\t<!-- All in One SEO -->\n\n","aioseo_head_json":{"title":"Ki uralja a biztos\u00edt\u00e1si piacot? | AllasOrias.hu | H\u00edrek-lapszemle","description":"Korszer\u0171 digit\u00e1lis megold\u00e1sokkal a fiatalok veszik \u00e1t a vezet\u0151 szerepet bel\u00e1that\u00f3 id\u0151n bel\u00fcl a biztos\u00edt\u00e1si piacon, mely k\u00f6sz\u00f6nhet\u0151en az Y gener\u00e1ci\u00f3nak teljesen \u00e1talakul majd \u2013 jelentette ki Sebesty\u00e9n L\u00e1szl\u00f3, a F\u00fcggetlen Biztos\u00edt\u00e1si Alkuszok Magyarorsz\u00e1gi Sz\u00f6vets\u00e9g\u00e9nek (FBAMSZ) eln\u00f6ke. Az FBAMSZ az \u00f6sszes \u00e9let- \u00e9s nem-\u00e9letbiztos\u00edt\u00e1si szerz\u0151d\u00e9s 16,5%-\u00e1t kezeli. \u0150sszel elindul a F\u00dcGE szakmai eduk\u00e1ci\u00f3s program, mely","canonical_url":"https:\/\/allasorias.hu\/hirek\/ki-uralja-a-biztositasi-piacot\/","robots":"max-image-preview:large","keywords":"","webmasterTools":{"miscellaneous":""},"schema":{"@context":"https:\/\/schema.org","@graph":[{"@type":"Article","@id":"https:\/\/allasorias.hu\/hirek\/ki-uralja-a-biztositasi-piacot\/#article","name":"Ki uralja a biztos\u00edt\u00e1si piacot? | AllasOrias.hu | H\u00edrek-lapszemle","headline":"Ki uralja a biztos\u00edt\u00e1si piacot?","author":{"@id":"https:\/\/allasorias.hu\/hirek\/author\/admin-allasorias\/#author"},"publisher":{"@id":"https:\/\/allasorias.hu\/hirek\/#organization"},"image":{"@type":"ImageObject","url":"https:\/\/allasorias.hu\/hirek\/wp-content\/uploads\/2018\/10\/biztos.jpg","width":311,"height":162},"datePublished":"2018-10-03T14:32:27+02:00","dateModified":"2018-10-03T14:32:27+02:00","inLanguage":"hu-HU","mainEntityOfPage":{"@id":"https:\/\/allasorias.hu\/hirek\/ki-uralja-a-biztositasi-piacot\/#webpage"},"isPartOf":{"@id":"https:\/\/allasorias.hu\/hirek\/ki-uralja-a-biztositasi-piacot\/#webpage"},"articleSection":"Gazdas\u00e1g, Munkaer\u0151piac"},{"@type":"BreadcrumbList","@id":"https:\/\/allasorias.hu\/hirek\/ki-uralja-a-biztositasi-piacot\/#breadcrumblist","itemListElement":[{"@type":"ListItem","@id":"https:\/\/allasorias.hu\/hirek#listItem","position":1,"name":"Home","item":"https:\/\/allasorias.hu\/hirek","nextItem":{"@type":"ListItem","@id":"https:\/\/allasorias.hu\/hirek\/temak\/gazdasag\/#listItem","name":"Gazdas\u00e1g"}},{"@type":"ListItem","@id":"https:\/\/allasorias.hu\/hirek\/temak\/gazdasag\/#listItem","position":2,"name":"Gazdas\u00e1g","item":"https:\/\/allasorias.hu\/hirek\/temak\/gazdasag\/","nextItem":{"@type":"ListItem","@id":"https:\/\/allasorias.hu\/hirek\/ki-uralja-a-biztositasi-piacot\/#listItem","name":"Ki uralja a biztos\u00edt\u00e1si piacot?"},"previousItem":{"@type":"ListItem","@id":"https:\/\/allasorias.hu\/hirek#listItem","name":"Home"}},{"@type":"ListItem","@id":"https:\/\/allasorias.hu\/hirek\/ki-uralja-a-biztositasi-piacot\/#listItem","position":3,"name":"Ki uralja a biztos\u00edt\u00e1si piacot?","previousItem":{"@type":"ListItem","@id":"https:\/\/allasorias.hu\/hirek\/temak\/gazdasag\/#listItem","name":"Gazdas\u00e1g"}}]},{"@type":"Organization","@id":"https:\/\/allasorias.hu\/hirek\/#organization","name":"AllasOrias.hu | H\u00edrek-lapszemle","description":"\u00dczleti h\u00edrek az \u00e1ll\u00e1s \u00e9s a munka vil\u00e1g\u00e1b\u00f3l","url":"https:\/\/allasorias.hu\/hirek\/","logo":{"@type":"ImageObject","url":"https:\/\/allasorias.hu\/hirek\/wp-content\/uploads\/2022\/10\/allasorias_site_facebok_logo.png","@id":"https:\/\/allasorias.hu\/hirek\/ki-uralja-a-biztositasi-piacot\/#organizationLogo"},"image":{"@id":"https:\/\/allasorias.hu\/hirek\/ki-uralja-a-biztositasi-piacot\/#organizationLogo"},"sameAs":["https:\/\/www.facebook.com\/allasorias","https:\/\/www.linkedin.com\/company\/allasorias"]},{"@type":"Person","@id":"https:\/\/allasorias.hu\/hirek\/author\/admin-allasorias\/#author","url":"https:\/\/allasorias.hu\/hirek\/author\/admin-allasorias\/","name":"Juh\u00e1sz P\u00e9ter","image":{"@type":"ImageObject","@id":"https:\/\/allasorias.hu\/hirek\/ki-uralja-a-biztositasi-piacot\/#authorImage","url":"https:\/\/secure.gravatar.com\/avatar\/36e6bcb83148978b992977cb0f54d22feb0cce8a0a849a9410532bb2623ba4c6?s=96&d=mm&r=g","width":96,"height":96,"caption":"Juh\u00e1sz P\u00e9ter"}},{"@type":"WebPage","@id":"https:\/\/allasorias.hu\/hirek\/ki-uralja-a-biztositasi-piacot\/#webpage","url":"https:\/\/allasorias.hu\/hirek\/ki-uralja-a-biztositasi-piacot\/","name":"Ki uralja a biztos\u00edt\u00e1si piacot? | AllasOrias.hu | H\u00edrek-lapszemle","description":"Korszer\u0171 digit\u00e1lis megold\u00e1sokkal a fiatalok veszik \u00e1t a vezet\u0151 szerepet bel\u00e1that\u00f3 id\u0151n bel\u00fcl a biztos\u00edt\u00e1si piacon, mely k\u00f6sz\u00f6nhet\u0151en az Y gener\u00e1ci\u00f3nak teljesen \u00e1talakul majd \u2013 jelentette ki Sebesty\u00e9n L\u00e1szl\u00f3, a F\u00fcggetlen Biztos\u00edt\u00e1si Alkuszok Magyarorsz\u00e1gi Sz\u00f6vets\u00e9g\u00e9nek (FBAMSZ) eln\u00f6ke. Az FBAMSZ az \u00f6sszes \u00e9let- \u00e9s nem-\u00e9letbiztos\u00edt\u00e1si szerz\u0151d\u00e9s 16,5%-\u00e1t kezeli. \u0150sszel elindul a F\u00dcGE szakmai eduk\u00e1ci\u00f3s program, mely","inLanguage":"hu-HU","isPartOf":{"@id":"https:\/\/allasorias.hu\/hirek\/#website"},"breadcrumb":{"@id":"https:\/\/allasorias.hu\/hirek\/ki-uralja-a-biztositasi-piacot\/#breadcrumblist"},"author":{"@id":"https:\/\/allasorias.hu\/hirek\/author\/admin-allasorias\/#author"},"creator":{"@id":"https:\/\/allasorias.hu\/hirek\/author\/admin-allasorias\/#author"},"image":{"@type":"ImageObject","url":"https:\/\/allasorias.hu\/hirek\/wp-content\/uploads\/2018\/10\/biztos.jpg","@id":"https:\/\/allasorias.hu\/hirek\/ki-uralja-a-biztositasi-piacot\/#mainImage","width":311,"height":162},"primaryImageOfPage":{"@id":"https:\/\/allasorias.hu\/hirek\/ki-uralja-a-biztositasi-piacot\/#mainImage"},"datePublished":"2018-10-03T14:32:27+02:00","dateModified":"2018-10-03T14:32:27+02:00"},{"@type":"WebSite","@id":"https:\/\/allasorias.hu\/hirek\/#website","url":"https:\/\/allasorias.hu\/hirek\/","name":"AllasOrias.hu | H\u00edrek-lapszemle","description":"\u00dczleti h\u00edrek az \u00e1ll\u00e1s \u00e9s a munka vil\u00e1g\u00e1b\u00f3l","inLanguage":"hu-HU","publisher":{"@id":"https:\/\/allasorias.hu\/hirek\/#organization"}}]},"og:locale":"hu_HU","og:site_name":"AllasOrias.hu | H\u00edrek-lapszemle | \u00dczleti h\u00edrek az \u00e1ll\u00e1s \u00e9s a munka vil\u00e1g\u00e1b\u00f3l","og:type":"article","og:title":"Ki uralja a biztos\u00edt\u00e1si piacot? | AllasOrias.hu | H\u00edrek-lapszemle","og:description":"Korszer\u0171 digit\u00e1lis megold\u00e1sokkal a fiatalok veszik \u00e1t a vezet\u0151 szerepet bel\u00e1that\u00f3 id\u0151n bel\u00fcl a biztos\u00edt\u00e1si piacon, mely k\u00f6sz\u00f6nhet\u0151en az Y gener\u00e1ci\u00f3nak teljesen \u00e1talakul majd \u2013 jelentette ki Sebesty\u00e9n L\u00e1szl\u00f3, a F\u00fcggetlen Biztos\u00edt\u00e1si Alkuszok Magyarorsz\u00e1gi Sz\u00f6vets\u00e9g\u00e9nek (FBAMSZ) eln\u00f6ke. Az FBAMSZ az \u00f6sszes \u00e9let- \u00e9s nem-\u00e9letbiztos\u00edt\u00e1si szerz\u0151d\u00e9s 16,5%-\u00e1t kezeli. \u0150sszel elindul a F\u00dcGE szakmai eduk\u00e1ci\u00f3s program, mely","og:url":"https:\/\/allasorias.hu\/hirek\/ki-uralja-a-biztositasi-piacot\/","og:image":"https:\/\/allasorias.hu\/hirek\/wp-content\/uploads\/2018\/10\/biztos.jpg","og:image:secure_url":"https:\/\/allasorias.hu\/hirek\/wp-content\/uploads\/2018\/10\/biztos.jpg","og:image:width":311,"og:image:height":162,"article:published_time":"2018-10-03T14:32:27+00:00","article:modified_time":"2018-10-03T14:32:27+00:00","article:publisher":"https:\/\/www.facebook.com\/allasorias","twitter:card":"summary_large_image","twitter:title":"Ki uralja a biztos\u00edt\u00e1si piacot? | AllasOrias.hu | H\u00edrek-lapszemle","twitter:description":"Korszer\u0171 digit\u00e1lis megold\u00e1sokkal a fiatalok veszik \u00e1t a vezet\u0151 szerepet bel\u00e1that\u00f3 id\u0151n bel\u00fcl a biztos\u00edt\u00e1si piacon, mely k\u00f6sz\u00f6nhet\u0151en az Y gener\u00e1ci\u00f3nak teljesen \u00e1talakul majd \u2013 jelentette ki Sebesty\u00e9n L\u00e1szl\u00f3, a F\u00fcggetlen Biztos\u00edt\u00e1si Alkuszok Magyarorsz\u00e1gi Sz\u00f6vets\u00e9g\u00e9nek (FBAMSZ) eln\u00f6ke. Az FBAMSZ az \u00f6sszes \u00e9let- \u00e9s nem-\u00e9letbiztos\u00edt\u00e1si szerz\u0151d\u00e9s 16,5%-\u00e1t kezeli. \u0150sszel elindul a F\u00dcGE szakmai eduk\u00e1ci\u00f3s program, mely","twitter:image":"https:\/\/allasorias.hu\/hirek\/wp-content\/uploads\/2018\/10\/biztos.jpg","twitter:label1":"Written by","twitter:data1":"Juh\u00e1sz P\u00e9ter","twitter:label2":"Est. reading time","twitter:data2":"1 minute"},"aioseo_meta_data":{"post_id":"2001","title":null,"description":null,"keywords":null,"keyphrases":null,"primary_term":null,"canonical_url":null,"og_title":null,"og_description":null,"og_object_type":"default","og_image_type":"default","og_image_url":null,"og_image_width":null,"og_image_height":null,"og_image_custom_url":null,"og_image_custom_fields":null,"og_video":null,"og_custom_url":null,"og_article_section":null,"og_article_tags":null,"twitter_use_og":false,"twitter_card":"default","twitter_image_type":"default","twitter_image_url":null,"twitter_image_custom_url":null,"twitter_image_custom_fields":null,"twitter_title":null,"twitter_description":null,"schema":{"blockGraphs":[],"customGraphs":[],"default":{"data":{"Article":[],"Course":[],"Dataset":[],"FAQPage":[],"Movie":[],"Person":[],"Product":[],"ProductReview":[],"Car":[],"Recipe":[],"Service":[],"SoftwareApplication":[],"WebPage":[]},"graphName":"","isEnabled":true},"graphs":[],"defaultGraph":"","defaultPostTypeGraph":""},"schema_type":null,"schema_type_options":null,"pillar_content":false,"robots_default":true,"robots_noindex":false,"robots_noarchive":false,"robots_nosnippet":false,"robots_nofollow":false,"robots_noimageindex":false,"robots_noodp":false,"robots_notranslate":false,"robots_max_snippet":null,"robots_max_videopreview":null,"robots_max_imagepreview":"large","priority":null,"frequency":null,"location":null,"local_seo":null,"breadcrumb_settings":null,"limit_modified_date":false,"ai":null,"created":"2021-02-01 20:44:36","updated":"2025-10-02 09:05:05","seo_analyzer_scan_date":null,"focus_keyword":null,"additional_keywords":null,"truseo_locale":null},"aioseo_breadcrumb":"<div class=\"aioseo-breadcrumbs\"><span class=\"aioseo-breadcrumb\">\n\t\t\t<a href=\"https:\/\/allasorias.hu\/hirek\" title=\"Home\">Home<\/a>\n\t\t<\/span><span class=\"aioseo-breadcrumb-separator\">&raquo;<\/span><span class=\"aioseo-breadcrumb\">\n\t\t\t<a href=\"https:\/\/allasorias.hu\/hirek\/temak\/gazdasag\/\" title=\"Gazdas\u00e1g\">Gazdas\u00e1g<\/a>\n\t\t<\/span><span class=\"aioseo-breadcrumb-separator\">&raquo;<\/span><span class=\"aioseo-breadcrumb\">\n\t\t\tKi uralja a biztos\u00edt\u00e1si piacot?\n\t\t<\/span><\/div>","aioseo_breadcrumb_json":[{"label":"Home","link":"https:\/\/allasorias.hu\/hirek"},{"label":"Gazdas\u00e1g","link":"https:\/\/allasorias.hu\/hirek\/temak\/gazdasag\/"},{"label":"Ki uralja a biztos\u00edt\u00e1si piacot?","link":"https:\/\/allasorias.hu\/hirek\/ki-uralja-a-biztositasi-piacot\/"}],"_links":{"self":[{"href":"https:\/\/allasorias.hu\/hirek\/wp-json\/wp\/v2\/posts\/2001","targetHints":{"allow":["GET"]}}],"collection":[{"href":"https:\/\/allasorias.hu\/hirek\/wp-json\/wp\/v2\/posts"}],"about":[{"href":"https:\/\/allasorias.hu\/hirek\/wp-json\/wp\/v2\/types\/post"}],"author":[{"embeddable":true,"href":"https:\/\/allasorias.hu\/hirek\/wp-json\/wp\/v2\/users\/1"}],"replies":[{"embeddable":true,"href":"https:\/\/allasorias.hu\/hirek\/wp-json\/wp\/v2\/comments?post=2001"}],"version-history":[{"count":1,"href":"https:\/\/allasorias.hu\/hirek\/wp-json\/wp\/v2\/posts\/2001\/revisions"}],"predecessor-version":[{"id":2003,"href":"https:\/\/allasorias.hu\/hirek\/wp-json\/wp\/v2\/posts\/2001\/revisions\/2003"}],"wp:featuredmedia":[{"embeddable":true,"href":"https:\/\/allasorias.hu\/hirek\/wp-json\/wp\/v2\/media\/2002"}],"wp:attachment":[{"href":"https:\/\/allasorias.hu\/hirek\/wp-json\/wp\/v2\/media?parent=2001"}],"wp:term":[{"taxonomy":"category","embeddable":true,"href":"https:\/\/allasorias.hu\/hirek\/wp-json\/wp\/v2\/categories?post=2001"},{"taxonomy":"post_tag","embeddable":true,"href":"https:\/\/allasorias.hu\/hirek\/wp-json\/wp\/v2\/tags?post=2001"}],"curies":[{"name":"wp","href":"https:\/\/api.w.org\/{rel}","templated":true}]}}