{"id":1991,"date":"2018-10-02T09:35:04","date_gmt":"2018-10-02T09:35:04","guid":{"rendered":"https:\/\/allasorias.hu\/hirek\/?p=1991"},"modified":"2018-10-02T09:35:04","modified_gmt":"2018-10-02T09:35:04","slug":"intenziv-gazdasagi-novekedes-magyarorszagon","status":"publish","type":"post","link":"https:\/\/allasorias.hu\/hirek\/intenziv-gazdasagi-novekedes-magyarorszagon\/","title":{"rendered":"Intenz\u00edv gazdas\u00e1gi n\u00f6veked\u00e9s Magyarorsz\u00e1gon"},"content":{"rendered":"<p style=\"text-align: justify;\"><strong>A K\u00f6zponti Statisztikai Hivatal adatai szerint 2018 els\u0151 k\u00e9t negyed\u00e9v\u00e9ben intenz\u00edvebben n\u0151tt a magyar gazdas\u00e1g az el\u0151rejelz\u00e9sekn\u00e9l. A GDP n\u00f6veked\u00e9s 0,1 sz\u00e1zal\u00e9kponttal volt magasabb a v\u00e1rtn\u00e1l. A statisztikai hivatal ma jelentette meg az \u00e9ves adatokhoz igaz\u00edtott negyed\u00e9ves nemzeti sz\u00e1ml\u00e1k id\u0151sorait 2018 II. negyed\u00e9v\u00e9ig. <\/strong><\/p>\n<p style=\"text-align: justify;\">Az adatokban t\u00fckr\u00f6z\u0151dnek a k\u00f6zben eszk\u00f6z\u00f6lt v\u00e1ltoz\u00e1sok is, \u00a0vagyis a p\u00e9nteken megismert \u00e9ves adatok negyed\u00e9ves bont\u00e1sban is rendelkez\u00e9sre \u00e1llnak. \u00c1tlagos felhaszn\u00e1l\u00f3knak enn\u00e9l \u00e9rdekesebb, hogy a kor\u00e1bban sz\u00e1m\u00edtott adatokhoz k\u00e9pest a GDP nyers volumenindexe 2018 I. \u00e9s II. negyed\u00e9v\u00e9ben is +0,1 sz\u00e1zal\u00e9kponttal v\u00e1ltozott, r\u00e9szben a b\u00e1zisadatok v\u00e1ltoz\u00e1sa, r\u00e9szben a becsl\u00e9shez felhaszn\u00e1lt t\u00e1rgy negyed\u00e9vi adatok friss\u00fcl\u00e9se miatt. A v\u00e9gleges adatok alapj\u00e1n a KSH felfel\u00e9 m\u00f3dos\u00edtotta az elm\u00falt h\u00e1rom \u00e9v GDP-adatait. Tavaly p\u00e9ld\u00e1ul nem 4%-kal, hanem 4,1%-kal n\u0151tt a GDP, a megel\u0151z\u0151 \u00e9vben pedig az eddigi 2,2% helyett 2,3%-os volumenindexet l\u00e1thatunk.<\/p>\n<p><em>Forr\u00e1s:portfolio.hu<\/em><\/p>\n","protected":false},"excerpt":{"rendered":"<p>A K\u00f6zponti Statisztikai Hivatal adatai szerint 2018 els\u0151 k\u00e9t negyed\u00e9v\u00e9ben intenz\u00edvebben n\u0151tt a magyar gazdas\u00e1g az el\u0151rejelz\u00e9sekn\u00e9l. A GDP n\u00f6veked\u00e9s 0,1 sz\u00e1zal\u00e9kponttal volt magasabb a v\u00e1rtn\u00e1l. A statisztikai hivatal ma jelentette meg az \u00e9ves adatokhoz igaz\u00edtott negyed\u00e9ves nemzeti sz\u00e1ml\u00e1k id\u0151sorait 2018 II. negyed\u00e9v\u00e9ig. Az adatokban t\u00fckr\u00f6z\u0151dnek a k\u00f6zben eszk\u00f6z\u00f6lt v\u00e1ltoz\u00e1sok is, \u00a0vagyis a p\u00e9nteken megismert [&hellip;]<\/p>\n","protected":false},"author":1,"featured_media":1992,"comment_status":"open","ping_status":"open","sticky":false,"template":"","format":"standard","meta":{"_monsterinsights_skip_tracking":false,"footnotes":""},"categories":[198,200],"tags":[],"class_list":["post-1991","post","type-post","status-publish","format-standard","has-post-thumbnail","hentry","category-gazdasag","category-munkaeropiac"],"aioseo_notices":[],"aioseo_head":"\n\t\t<!-- All in One SEO 5.0.0.1 - aioseo.com -->\n\t<meta name=\"description\" content=\"A K\u00f6zponti Statisztikai Hivatal adatai szerint 2018 els\u0151 k\u00e9t negyed\u00e9v\u00e9ben intenz\u00edvebben n\u0151tt a magyar gazdas\u00e1g az el\u0151rejelz\u00e9sekn\u00e9l. A GDP n\u00f6veked\u00e9s 0,1 sz\u00e1zal\u00e9kponttal volt magasabb a v\u00e1rtn\u00e1l. A statisztikai hivatal ma jelentette meg az \u00e9ves adatokhoz igaz\u00edtott negyed\u00e9ves nemzeti sz\u00e1ml\u00e1k id\u0151sorait 2018 II. negyed\u00e9v\u00e9ig. Az adatokban t\u00fckr\u00f6z\u0151dnek a k\u00f6zben eszk\u00f6z\u00f6lt v\u00e1ltoz\u00e1sok is, vagyis a p\u00e9nteken megismert\" \/>\n\t<meta name=\"robots\" content=\"max-image-preview:large\" \/>\n\t<meta name=\"author\" content=\"Juh\u00e1sz P\u00e9ter\"\/>\n\t<link rel=\"canonical\" href=\"https:\/\/allasorias.hu\/hirek\/intenziv-gazdasagi-novekedes-magyarorszagon\/\" \/>\n\t<meta name=\"generator\" content=\"All in One SEO (AIOSEO) 5.0.0.1\" \/>\n\t\t<meta property=\"og:locale\" content=\"hu_HU\" \/>\n\t\t<meta property=\"og:site_name\" content=\"AllasOrias.hu | H\u00edrek-lapszemle | \u00dczleti h\u00edrek az \u00e1ll\u00e1s \u00e9s a munka vil\u00e1g\u00e1b\u00f3l\" \/>\n\t\t<meta property=\"og:type\" content=\"article\" \/>\n\t\t<meta property=\"og:title\" content=\"Intenz\u00edv gazdas\u00e1gi n\u00f6veked\u00e9s Magyarorsz\u00e1gon | AllasOrias.hu | H\u00edrek-lapszemle\" \/>\n\t\t<meta property=\"og:description\" content=\"A K\u00f6zponti Statisztikai Hivatal adatai szerint 2018 els\u0151 k\u00e9t negyed\u00e9v\u00e9ben intenz\u00edvebben n\u0151tt a magyar gazdas\u00e1g az el\u0151rejelz\u00e9sekn\u00e9l. A GDP n\u00f6veked\u00e9s 0,1 sz\u00e1zal\u00e9kponttal volt magasabb a v\u00e1rtn\u00e1l. A statisztikai hivatal ma jelentette meg az \u00e9ves adatokhoz igaz\u00edtott negyed\u00e9ves nemzeti sz\u00e1ml\u00e1k id\u0151sorait 2018 II. negyed\u00e9v\u00e9ig. Az adatokban t\u00fckr\u00f6z\u0151dnek a k\u00f6zben eszk\u00f6z\u00f6lt v\u00e1ltoz\u00e1sok is, vagyis a p\u00e9nteken megismert\" \/>\n\t\t<meta property=\"og:url\" content=\"https:\/\/allasorias.hu\/hirek\/intenziv-gazdasagi-novekedes-magyarorszagon\/\" \/>\n\t\t<meta property=\"og:image\" content=\"https:\/\/allasorias.hu\/hirek\/wp-content\/uploads\/2018\/10\/entrepreneur-1340649_640-e1504262937224.jpg\" \/>\n\t\t<meta property=\"og:image:secure_url\" content=\"https:\/\/allasorias.hu\/hirek\/wp-content\/uploads\/2018\/10\/entrepreneur-1340649_640-e1504262937224.jpg\" \/>\n\t\t<meta property=\"og:image:width\" content=\"512\" \/>\n\t\t<meta property=\"og:image:height\" content=\"362\" \/>\n\t\t<meta property=\"article:published_time\" content=\"2018-10-02T09:35:04+00:00\" \/>\n\t\t<meta property=\"article:modified_time\" content=\"2018-10-02T09:35:04+00:00\" \/>\n\t\t<meta property=\"article:publisher\" content=\"https:\/\/www.facebook.com\/allasorias\" \/>\n\t\t<meta name=\"twitter:card\" content=\"summary_large_image\" \/>\n\t\t<meta name=\"twitter:title\" content=\"Intenz\u00edv gazdas\u00e1gi n\u00f6veked\u00e9s Magyarorsz\u00e1gon | AllasOrias.hu | H\u00edrek-lapszemle\" \/>\n\t\t<meta name=\"twitter:description\" content=\"A K\u00f6zponti Statisztikai Hivatal adatai szerint 2018 els\u0151 k\u00e9t negyed\u00e9v\u00e9ben intenz\u00edvebben n\u0151tt a magyar gazdas\u00e1g az el\u0151rejelz\u00e9sekn\u00e9l. A GDP n\u00f6veked\u00e9s 0,1 sz\u00e1zal\u00e9kponttal volt magasabb a v\u00e1rtn\u00e1l. A statisztikai hivatal ma jelentette meg az \u00e9ves adatokhoz igaz\u00edtott negyed\u00e9ves nemzeti sz\u00e1ml\u00e1k id\u0151sorait 2018 II. negyed\u00e9v\u00e9ig. Az adatokban t\u00fckr\u00f6z\u0151dnek a k\u00f6zben eszk\u00f6z\u00f6lt v\u00e1ltoz\u00e1sok is, vagyis a p\u00e9nteken megismert\" \/>\n\t\t<meta name=\"twitter:image\" content=\"https:\/\/allasorias.hu\/hirek\/wp-content\/uploads\/2018\/10\/entrepreneur-1340649_640-e1504262937224.jpg\" \/>\n\t\t<meta name=\"twitter:label1\" content=\"Written by\" \/>\n\t\t<meta name=\"twitter:data1\" content=\"Juh\u00e1sz P\u00e9ter\" \/>\n\t\t<meta name=\"twitter:label2\" content=\"Est. reading time\" \/>\n\t\t<meta name=\"twitter:data2\" content=\"1 minute\" \/>\n\t\t<script type=\"application\/ld+json\" class=\"aioseo-schema\">\n\t\t\t{\"@context\":\"https:\\\/\\\/schema.org\",\"@graph\":[{\"@type\":\"Article\",\"@id\":\"https:\\\/\\\/allasorias.hu\\\/hirek\\\/intenziv-gazdasagi-novekedes-magyarorszagon\\\/#article\",\"name\":\"Intenz\\u00edv gazdas\\u00e1gi n\\u00f6veked\\u00e9s Magyarorsz\\u00e1gon | AllasOrias.hu | H\\u00edrek-lapszemle\",\"headline\":\"Intenz\\u00edv gazdas\\u00e1gi n\\u00f6veked\\u00e9s Magyarorsz\\u00e1gon\",\"author\":{\"@id\":\"https:\\\/\\\/allasorias.hu\\\/hirek\\\/author\\\/admin-allasorias\\\/#author\"},\"publisher\":{\"@id\":\"https:\\\/\\\/allasorias.hu\\\/hirek\\\/#organization\"},\"image\":{\"@type\":\"ImageObject\",\"url\":\"https:\\\/\\\/allasorias.hu\\\/hirek\\\/wp-content\\\/uploads\\\/2018\\\/10\\\/entrepreneur-1340649_640-e1504262937224.jpg\",\"width\":512,\"height\":362},\"datePublished\":\"2018-10-02T09:35:04+02:00\",\"dateModified\":\"2018-10-02T09:35:04+02:00\",\"inLanguage\":\"hu-HU\",\"mainEntityOfPage\":{\"@id\":\"https:\\\/\\\/allasorias.hu\\\/hirek\\\/intenziv-gazdasagi-novekedes-magyarorszagon\\\/#webpage\"},\"isPartOf\":{\"@id\":\"https:\\\/\\\/allasorias.hu\\\/hirek\\\/intenziv-gazdasagi-novekedes-magyarorszagon\\\/#webpage\"},\"articleSection\":\"Gazdas\\u00e1g, Munkaer\\u0151piac\"},{\"@type\":\"BreadcrumbList\",\"@id\":\"https:\\\/\\\/allasorias.hu\\\/hirek\\\/intenziv-gazdasagi-novekedes-magyarorszagon\\\/#breadcrumblist\",\"itemListElement\":[{\"@type\":\"ListItem\",\"@id\":\"https:\\\/\\\/allasorias.hu\\\/hirek#listItem\",\"position\":1,\"name\":\"Home\",\"item\":\"https:\\\/\\\/allasorias.hu\\\/hirek\",\"nextItem\":{\"@type\":\"ListItem\",\"@id\":\"https:\\\/\\\/allasorias.hu\\\/hirek\\\/temak\\\/gazdasag\\\/#listItem\",\"name\":\"Gazdas\\u00e1g\"}},{\"@type\":\"ListItem\",\"@id\":\"https:\\\/\\\/allasorias.hu\\\/hirek\\\/temak\\\/gazdasag\\\/#listItem\",\"position\":2,\"name\":\"Gazdas\\u00e1g\",\"item\":\"https:\\\/\\\/allasorias.hu\\\/hirek\\\/temak\\\/gazdasag\\\/\",\"nextItem\":{\"@type\":\"ListItem\",\"@id\":\"https:\\\/\\\/allasorias.hu\\\/hirek\\\/intenziv-gazdasagi-novekedes-magyarorszagon\\\/#listItem\",\"name\":\"Intenz\\u00edv gazdas\\u00e1gi n\\u00f6veked\\u00e9s Magyarorsz\\u00e1gon\"},\"previousItem\":{\"@type\":\"ListItem\",\"@id\":\"https:\\\/\\\/allasorias.hu\\\/hirek#listItem\",\"name\":\"Home\"}},{\"@type\":\"ListItem\",\"@id\":\"https:\\\/\\\/allasorias.hu\\\/hirek\\\/intenziv-gazdasagi-novekedes-magyarorszagon\\\/#listItem\",\"position\":3,\"name\":\"Intenz\\u00edv gazdas\\u00e1gi n\\u00f6veked\\u00e9s Magyarorsz\\u00e1gon\",\"previousItem\":{\"@type\":\"ListItem\",\"@id\":\"https:\\\/\\\/allasorias.hu\\\/hirek\\\/temak\\\/gazdasag\\\/#listItem\",\"name\":\"Gazdas\\u00e1g\"}}]},{\"@type\":\"Organization\",\"@id\":\"https:\\\/\\\/allasorias.hu\\\/hirek\\\/#organization\",\"name\":\"AllasOrias.hu | H\\u00edrek-lapszemle\",\"description\":\"\\u00dczleti h\\u00edrek az \\u00e1ll\\u00e1s \\u00e9s a munka vil\\u00e1g\\u00e1b\\u00f3l\",\"url\":\"https:\\\/\\\/allasorias.hu\\\/hirek\\\/\",\"logo\":{\"@type\":\"ImageObject\",\"url\":\"https:\\\/\\\/allasorias.hu\\\/hirek\\\/wp-content\\\/uploads\\\/2022\\\/10\\\/allasorias_site_facebok_logo.png\",\"@id\":\"https:\\\/\\\/allasorias.hu\\\/hirek\\\/intenziv-gazdasagi-novekedes-magyarorszagon\\\/#organizationLogo\"},\"image\":{\"@id\":\"https:\\\/\\\/allasorias.hu\\\/hirek\\\/intenziv-gazdasagi-novekedes-magyarorszagon\\\/#organizationLogo\"},\"sameAs\":[\"https:\\\/\\\/www.facebook.com\\\/allasorias\",\"https:\\\/\\\/www.linkedin.com\\\/company\\\/allasorias\"]},{\"@type\":\"Person\",\"@id\":\"https:\\\/\\\/allasorias.hu\\\/hirek\\\/author\\\/admin-allasorias\\\/#author\",\"url\":\"https:\\\/\\\/allasorias.hu\\\/hirek\\\/author\\\/admin-allasorias\\\/\",\"name\":\"Juh\\u00e1sz P\\u00e9ter\",\"image\":{\"@type\":\"ImageObject\",\"@id\":\"https:\\\/\\\/allasorias.hu\\\/hirek\\\/intenziv-gazdasagi-novekedes-magyarorszagon\\\/#authorImage\",\"url\":\"https:\\\/\\\/secure.gravatar.com\\\/avatar\\\/36e6bcb83148978b992977cb0f54d22feb0cce8a0a849a9410532bb2623ba4c6?s=96&d=mm&r=g\",\"width\":96,\"height\":96,\"caption\":\"Juh\\u00e1sz P\\u00e9ter\"}},{\"@type\":\"WebPage\",\"@id\":\"https:\\\/\\\/allasorias.hu\\\/hirek\\\/intenziv-gazdasagi-novekedes-magyarorszagon\\\/#webpage\",\"url\":\"https:\\\/\\\/allasorias.hu\\\/hirek\\\/intenziv-gazdasagi-novekedes-magyarorszagon\\\/\",\"name\":\"Intenz\\u00edv gazdas\\u00e1gi n\\u00f6veked\\u00e9s Magyarorsz\\u00e1gon | AllasOrias.hu | H\\u00edrek-lapszemle\",\"description\":\"A K\\u00f6zponti Statisztikai Hivatal adatai szerint 2018 els\\u0151 k\\u00e9t negyed\\u00e9v\\u00e9ben intenz\\u00edvebben n\\u0151tt a magyar gazdas\\u00e1g az el\\u0151rejelz\\u00e9sekn\\u00e9l. A GDP n\\u00f6veked\\u00e9s 0,1 sz\\u00e1zal\\u00e9kponttal volt magasabb a v\\u00e1rtn\\u00e1l. A statisztikai hivatal ma jelentette meg az \\u00e9ves adatokhoz igaz\\u00edtott negyed\\u00e9ves nemzeti sz\\u00e1ml\\u00e1k id\\u0151sorait 2018 II. negyed\\u00e9v\\u00e9ig. Az adatokban t\\u00fckr\\u00f6z\\u0151dnek a k\\u00f6zben eszk\\u00f6z\\u00f6lt v\\u00e1ltoz\\u00e1sok is, vagyis a p\\u00e9nteken megismert\",\"inLanguage\":\"hu-HU\",\"isPartOf\":{\"@id\":\"https:\\\/\\\/allasorias.hu\\\/hirek\\\/#website\"},\"breadcrumb\":{\"@id\":\"https:\\\/\\\/allasorias.hu\\\/hirek\\\/intenziv-gazdasagi-novekedes-magyarorszagon\\\/#breadcrumblist\"},\"author\":{\"@id\":\"https:\\\/\\\/allasorias.hu\\\/hirek\\\/author\\\/admin-allasorias\\\/#author\"},\"creator\":{\"@id\":\"https:\\\/\\\/allasorias.hu\\\/hirek\\\/author\\\/admin-allasorias\\\/#author\"},\"image\":{\"@type\":\"ImageObject\",\"url\":\"https:\\\/\\\/allasorias.hu\\\/hirek\\\/wp-content\\\/uploads\\\/2018\\\/10\\\/entrepreneur-1340649_640-e1504262937224.jpg\",\"@id\":\"https:\\\/\\\/allasorias.hu\\\/hirek\\\/intenziv-gazdasagi-novekedes-magyarorszagon\\\/#mainImage\",\"width\":512,\"height\":362},\"primaryImageOfPage\":{\"@id\":\"https:\\\/\\\/allasorias.hu\\\/hirek\\\/intenziv-gazdasagi-novekedes-magyarorszagon\\\/#mainImage\"},\"datePublished\":\"2018-10-02T09:35:04+02:00\",\"dateModified\":\"2018-10-02T09:35:04+02:00\"},{\"@type\":\"WebSite\",\"@id\":\"https:\\\/\\\/allasorias.hu\\\/hirek\\\/#website\",\"url\":\"https:\\\/\\\/allasorias.hu\\\/hirek\\\/\",\"name\":\"AllasOrias.hu | H\\u00edrek-lapszemle\",\"description\":\"\\u00dczleti h\\u00edrek az \\u00e1ll\\u00e1s \\u00e9s a munka vil\\u00e1g\\u00e1b\\u00f3l\",\"inLanguage\":\"hu-HU\",\"publisher\":{\"@id\":\"https:\\\/\\\/allasorias.hu\\\/hirek\\\/#organization\"}}]}\n\t\t<\/script>\n\t\t<!-- All in One SEO -->\n\n","aioseo_head_json":{"title":"Intenz\u00edv gazdas\u00e1gi n\u00f6veked\u00e9s Magyarorsz\u00e1gon | AllasOrias.hu | H\u00edrek-lapszemle","description":"A K\u00f6zponti Statisztikai Hivatal adatai szerint 2018 els\u0151 k\u00e9t negyed\u00e9v\u00e9ben intenz\u00edvebben n\u0151tt a magyar gazdas\u00e1g az el\u0151rejelz\u00e9sekn\u00e9l. A GDP n\u00f6veked\u00e9s 0,1 sz\u00e1zal\u00e9kponttal volt magasabb a v\u00e1rtn\u00e1l. A statisztikai hivatal ma jelentette meg az \u00e9ves adatokhoz igaz\u00edtott negyed\u00e9ves nemzeti sz\u00e1ml\u00e1k id\u0151sorait 2018 II. negyed\u00e9v\u00e9ig. Az adatokban t\u00fckr\u00f6z\u0151dnek a k\u00f6zben eszk\u00f6z\u00f6lt v\u00e1ltoz\u00e1sok is, vagyis a p\u00e9nteken megismert","canonical_url":"https:\/\/allasorias.hu\/hirek\/intenziv-gazdasagi-novekedes-magyarorszagon\/","robots":"max-image-preview:large","keywords":"","webmasterTools":{"miscellaneous":""},"schema":{"@context":"https:\/\/schema.org","@graph":[{"@type":"Article","@id":"https:\/\/allasorias.hu\/hirek\/intenziv-gazdasagi-novekedes-magyarorszagon\/#article","name":"Intenz\u00edv gazdas\u00e1gi n\u00f6veked\u00e9s Magyarorsz\u00e1gon | AllasOrias.hu | H\u00edrek-lapszemle","headline":"Intenz\u00edv gazdas\u00e1gi n\u00f6veked\u00e9s Magyarorsz\u00e1gon","author":{"@id":"https:\/\/allasorias.hu\/hirek\/author\/admin-allasorias\/#author"},"publisher":{"@id":"https:\/\/allasorias.hu\/hirek\/#organization"},"image":{"@type":"ImageObject","url":"https:\/\/allasorias.hu\/hirek\/wp-content\/uploads\/2018\/10\/entrepreneur-1340649_640-e1504262937224.jpg","width":512,"height":362},"datePublished":"2018-10-02T09:35:04+02:00","dateModified":"2018-10-02T09:35:04+02:00","inLanguage":"hu-HU","mainEntityOfPage":{"@id":"https:\/\/allasorias.hu\/hirek\/intenziv-gazdasagi-novekedes-magyarorszagon\/#webpage"},"isPartOf":{"@id":"https:\/\/allasorias.hu\/hirek\/intenziv-gazdasagi-novekedes-magyarorszagon\/#webpage"},"articleSection":"Gazdas\u00e1g, Munkaer\u0151piac"},{"@type":"BreadcrumbList","@id":"https:\/\/allasorias.hu\/hirek\/intenziv-gazdasagi-novekedes-magyarorszagon\/#breadcrumblist","itemListElement":[{"@type":"ListItem","@id":"https:\/\/allasorias.hu\/hirek#listItem","position":1,"name":"Home","item":"https:\/\/allasorias.hu\/hirek","nextItem":{"@type":"ListItem","@id":"https:\/\/allasorias.hu\/hirek\/temak\/gazdasag\/#listItem","name":"Gazdas\u00e1g"}},{"@type":"ListItem","@id":"https:\/\/allasorias.hu\/hirek\/temak\/gazdasag\/#listItem","position":2,"name":"Gazdas\u00e1g","item":"https:\/\/allasorias.hu\/hirek\/temak\/gazdasag\/","nextItem":{"@type":"ListItem","@id":"https:\/\/allasorias.hu\/hirek\/intenziv-gazdasagi-novekedes-magyarorszagon\/#listItem","name":"Intenz\u00edv gazdas\u00e1gi n\u00f6veked\u00e9s Magyarorsz\u00e1gon"},"previousItem":{"@type":"ListItem","@id":"https:\/\/allasorias.hu\/hirek#listItem","name":"Home"}},{"@type":"ListItem","@id":"https:\/\/allasorias.hu\/hirek\/intenziv-gazdasagi-novekedes-magyarorszagon\/#listItem","position":3,"name":"Intenz\u00edv gazdas\u00e1gi n\u00f6veked\u00e9s Magyarorsz\u00e1gon","previousItem":{"@type":"ListItem","@id":"https:\/\/allasorias.hu\/hirek\/temak\/gazdasag\/#listItem","name":"Gazdas\u00e1g"}}]},{"@type":"Organization","@id":"https:\/\/allasorias.hu\/hirek\/#organization","name":"AllasOrias.hu | H\u00edrek-lapszemle","description":"\u00dczleti h\u00edrek az \u00e1ll\u00e1s \u00e9s a munka vil\u00e1g\u00e1b\u00f3l","url":"https:\/\/allasorias.hu\/hirek\/","logo":{"@type":"ImageObject","url":"https:\/\/allasorias.hu\/hirek\/wp-content\/uploads\/2022\/10\/allasorias_site_facebok_logo.png","@id":"https:\/\/allasorias.hu\/hirek\/intenziv-gazdasagi-novekedes-magyarorszagon\/#organizationLogo"},"image":{"@id":"https:\/\/allasorias.hu\/hirek\/intenziv-gazdasagi-novekedes-magyarorszagon\/#organizationLogo"},"sameAs":["https:\/\/www.facebook.com\/allasorias","https:\/\/www.linkedin.com\/company\/allasorias"]},{"@type":"Person","@id":"https:\/\/allasorias.hu\/hirek\/author\/admin-allasorias\/#author","url":"https:\/\/allasorias.hu\/hirek\/author\/admin-allasorias\/","name":"Juh\u00e1sz P\u00e9ter","image":{"@type":"ImageObject","@id":"https:\/\/allasorias.hu\/hirek\/intenziv-gazdasagi-novekedes-magyarorszagon\/#authorImage","url":"https:\/\/secure.gravatar.com\/avatar\/36e6bcb83148978b992977cb0f54d22feb0cce8a0a849a9410532bb2623ba4c6?s=96&d=mm&r=g","width":96,"height":96,"caption":"Juh\u00e1sz P\u00e9ter"}},{"@type":"WebPage","@id":"https:\/\/allasorias.hu\/hirek\/intenziv-gazdasagi-novekedes-magyarorszagon\/#webpage","url":"https:\/\/allasorias.hu\/hirek\/intenziv-gazdasagi-novekedes-magyarorszagon\/","name":"Intenz\u00edv gazdas\u00e1gi n\u00f6veked\u00e9s Magyarorsz\u00e1gon | AllasOrias.hu | H\u00edrek-lapszemle","description":"A K\u00f6zponti Statisztikai Hivatal adatai szerint 2018 els\u0151 k\u00e9t negyed\u00e9v\u00e9ben intenz\u00edvebben n\u0151tt a magyar gazdas\u00e1g az el\u0151rejelz\u00e9sekn\u00e9l. A GDP n\u00f6veked\u00e9s 0,1 sz\u00e1zal\u00e9kponttal volt magasabb a v\u00e1rtn\u00e1l. A statisztikai hivatal ma jelentette meg az \u00e9ves adatokhoz igaz\u00edtott negyed\u00e9ves nemzeti sz\u00e1ml\u00e1k id\u0151sorait 2018 II. negyed\u00e9v\u00e9ig. Az adatokban t\u00fckr\u00f6z\u0151dnek a k\u00f6zben eszk\u00f6z\u00f6lt v\u00e1ltoz\u00e1sok is, vagyis a p\u00e9nteken megismert","inLanguage":"hu-HU","isPartOf":{"@id":"https:\/\/allasorias.hu\/hirek\/#website"},"breadcrumb":{"@id":"https:\/\/allasorias.hu\/hirek\/intenziv-gazdasagi-novekedes-magyarorszagon\/#breadcrumblist"},"author":{"@id":"https:\/\/allasorias.hu\/hirek\/author\/admin-allasorias\/#author"},"creator":{"@id":"https:\/\/allasorias.hu\/hirek\/author\/admin-allasorias\/#author"},"image":{"@type":"ImageObject","url":"https:\/\/allasorias.hu\/hirek\/wp-content\/uploads\/2018\/10\/entrepreneur-1340649_640-e1504262937224.jpg","@id":"https:\/\/allasorias.hu\/hirek\/intenziv-gazdasagi-novekedes-magyarorszagon\/#mainImage","width":512,"height":362},"primaryImageOfPage":{"@id":"https:\/\/allasorias.hu\/hirek\/intenziv-gazdasagi-novekedes-magyarorszagon\/#mainImage"},"datePublished":"2018-10-02T09:35:04+02:00","dateModified":"2018-10-02T09:35:04+02:00"},{"@type":"WebSite","@id":"https:\/\/allasorias.hu\/hirek\/#website","url":"https:\/\/allasorias.hu\/hirek\/","name":"AllasOrias.hu | H\u00edrek-lapszemle","description":"\u00dczleti h\u00edrek az \u00e1ll\u00e1s \u00e9s a munka vil\u00e1g\u00e1b\u00f3l","inLanguage":"hu-HU","publisher":{"@id":"https:\/\/allasorias.hu\/hirek\/#organization"}}]},"og:locale":"hu_HU","og:site_name":"AllasOrias.hu | H\u00edrek-lapszemle | \u00dczleti h\u00edrek az \u00e1ll\u00e1s \u00e9s a munka vil\u00e1g\u00e1b\u00f3l","og:type":"article","og:title":"Intenz\u00edv gazdas\u00e1gi n\u00f6veked\u00e9s Magyarorsz\u00e1gon | AllasOrias.hu | H\u00edrek-lapszemle","og:description":"A K\u00f6zponti Statisztikai Hivatal adatai szerint 2018 els\u0151 k\u00e9t negyed\u00e9v\u00e9ben intenz\u00edvebben n\u0151tt a magyar gazdas\u00e1g az el\u0151rejelz\u00e9sekn\u00e9l. A GDP n\u00f6veked\u00e9s 0,1 sz\u00e1zal\u00e9kponttal volt magasabb a v\u00e1rtn\u00e1l. A statisztikai hivatal ma jelentette meg az \u00e9ves adatokhoz igaz\u00edtott negyed\u00e9ves nemzeti sz\u00e1ml\u00e1k id\u0151sorait 2018 II. negyed\u00e9v\u00e9ig. Az adatokban t\u00fckr\u00f6z\u0151dnek a k\u00f6zben eszk\u00f6z\u00f6lt v\u00e1ltoz\u00e1sok is, vagyis a p\u00e9nteken megismert","og:url":"https:\/\/allasorias.hu\/hirek\/intenziv-gazdasagi-novekedes-magyarorszagon\/","og:image":"https:\/\/allasorias.hu\/hirek\/wp-content\/uploads\/2018\/10\/entrepreneur-1340649_640-e1504262937224.jpg","og:image:secure_url":"https:\/\/allasorias.hu\/hirek\/wp-content\/uploads\/2018\/10\/entrepreneur-1340649_640-e1504262937224.jpg","og:image:width":512,"og:image:height":362,"article:published_time":"2018-10-02T09:35:04+00:00","article:modified_time":"2018-10-02T09:35:04+00:00","article:publisher":"https:\/\/www.facebook.com\/allasorias","twitter:card":"summary_large_image","twitter:title":"Intenz\u00edv gazdas\u00e1gi n\u00f6veked\u00e9s Magyarorsz\u00e1gon | AllasOrias.hu | H\u00edrek-lapszemle","twitter:description":"A K\u00f6zponti Statisztikai Hivatal adatai szerint 2018 els\u0151 k\u00e9t negyed\u00e9v\u00e9ben intenz\u00edvebben n\u0151tt a magyar gazdas\u00e1g az el\u0151rejelz\u00e9sekn\u00e9l. A GDP n\u00f6veked\u00e9s 0,1 sz\u00e1zal\u00e9kponttal volt magasabb a v\u00e1rtn\u00e1l. A statisztikai hivatal ma jelentette meg az \u00e9ves adatokhoz igaz\u00edtott negyed\u00e9ves nemzeti sz\u00e1ml\u00e1k id\u0151sorait 2018 II. negyed\u00e9v\u00e9ig. Az adatokban t\u00fckr\u00f6z\u0151dnek a k\u00f6zben eszk\u00f6z\u00f6lt v\u00e1ltoz\u00e1sok is, vagyis a p\u00e9nteken megismert","twitter:image":"https:\/\/allasorias.hu\/hirek\/wp-content\/uploads\/2018\/10\/entrepreneur-1340649_640-e1504262937224.jpg","twitter:label1":"Written by","twitter:data1":"Juh\u00e1sz P\u00e9ter","twitter:label2":"Est. reading time","twitter:data2":"1 minute"},"aioseo_meta_data":{"post_id":"1991","title":null,"description":null,"keywords":null,"keyphrases":null,"primary_term":null,"canonical_url":null,"og_title":null,"og_description":null,"og_object_type":"default","og_image_type":"default","og_image_url":null,"og_image_width":null,"og_image_height":null,"og_image_custom_url":null,"og_image_custom_fields":null,"og_video":null,"og_custom_url":null,"og_article_section":null,"og_article_tags":null,"twitter_use_og":false,"twitter_card":"default","twitter_image_type":"default","twitter_image_url":null,"twitter_image_custom_url":null,"twitter_image_custom_fields":null,"twitter_title":null,"twitter_description":null,"schema":{"blockGraphs":[],"customGraphs":[],"default":{"data":{"Article":[],"Course":[],"Dataset":[],"FAQPage":[],"Movie":[],"Person":[],"Product":[],"ProductReview":[],"Car":[],"Recipe":[],"Service":[],"SoftwareApplication":[],"WebPage":[]},"graphName":"","isEnabled":true},"graphs":[],"defaultGraph":"","defaultPostTypeGraph":""},"schema_type":null,"schema_type_options":null,"pillar_content":false,"robots_default":true,"robots_noindex":false,"robots_noarchive":false,"robots_nosnippet":false,"robots_nofollow":false,"robots_noimageindex":false,"robots_noodp":false,"robots_notranslate":false,"robots_max_snippet":null,"robots_max_videopreview":null,"robots_max_imagepreview":"large","priority":null,"frequency":null,"location":null,"local_seo":null,"breadcrumb_settings":null,"limit_modified_date":false,"ai":null,"created":"2021-02-01 20:44:36","updated":"2025-10-02 09:04:25","seo_analyzer_scan_date":null,"focus_keyword":null,"additional_keywords":null,"truseo_locale":null},"aioseo_breadcrumb":"<div class=\"aioseo-breadcrumbs\"><span class=\"aioseo-breadcrumb\">\n\t\t\t<a href=\"https:\/\/allasorias.hu\/hirek\" title=\"Home\">Home<\/a>\n\t\t<\/span><span class=\"aioseo-breadcrumb-separator\">&raquo;<\/span><span class=\"aioseo-breadcrumb\">\n\t\t\t<a href=\"https:\/\/allasorias.hu\/hirek\/temak\/gazdasag\/\" title=\"Gazdas\u00e1g\">Gazdas\u00e1g<\/a>\n\t\t<\/span><span class=\"aioseo-breadcrumb-separator\">&raquo;<\/span><span class=\"aioseo-breadcrumb\">\n\t\t\tIntenz\u00edv gazdas\u00e1gi n\u00f6veked\u00e9s Magyarorsz\u00e1gon\n\t\t<\/span><\/div>","aioseo_breadcrumb_json":[{"label":"Home","link":"https:\/\/allasorias.hu\/hirek"},{"label":"Gazdas\u00e1g","link":"https:\/\/allasorias.hu\/hirek\/temak\/gazdasag\/"},{"label":"Intenz\u00edv gazdas\u00e1gi n\u00f6veked\u00e9s Magyarorsz\u00e1gon","link":"https:\/\/allasorias.hu\/hirek\/intenziv-gazdasagi-novekedes-magyarorszagon\/"}],"_links":{"self":[{"href":"https:\/\/allasorias.hu\/hirek\/wp-json\/wp\/v2\/posts\/1991","targetHints":{"allow":["GET"]}}],"collection":[{"href":"https:\/\/allasorias.hu\/hirek\/wp-json\/wp\/v2\/posts"}],"about":[{"href":"https:\/\/allasorias.hu\/hirek\/wp-json\/wp\/v2\/types\/post"}],"author":[{"embeddable":true,"href":"https:\/\/allasorias.hu\/hirek\/wp-json\/wp\/v2\/users\/1"}],"replies":[{"embeddable":true,"href":"https:\/\/allasorias.hu\/hirek\/wp-json\/wp\/v2\/comments?post=1991"}],"version-history":[{"count":1,"href":"https:\/\/allasorias.hu\/hirek\/wp-json\/wp\/v2\/posts\/1991\/revisions"}],"predecessor-version":[{"id":1993,"href":"https:\/\/allasorias.hu\/hirek\/wp-json\/wp\/v2\/posts\/1991\/revisions\/1993"}],"wp:featuredmedia":[{"embeddable":true,"href":"https:\/\/allasorias.hu\/hirek\/wp-json\/wp\/v2\/media\/1992"}],"wp:attachment":[{"href":"https:\/\/allasorias.hu\/hirek\/wp-json\/wp\/v2\/media?parent=1991"}],"wp:term":[{"taxonomy":"category","embeddable":true,"href":"https:\/\/allasorias.hu\/hirek\/wp-json\/wp\/v2\/categories?post=1991"},{"taxonomy":"post_tag","embeddable":true,"href":"https:\/\/allasorias.hu\/hirek\/wp-json\/wp\/v2\/tags?post=1991"}],"curies":[{"name":"wp","href":"https:\/\/api.w.org\/{rel}","templated":true}]}}