{"id":1723,"date":"2018-05-22T15:08:33","date_gmt":"2018-05-22T15:08:33","guid":{"rendered":"https:\/\/allasorias.hu\/blog\/?p=1723"},"modified":"2018-05-22T15:09:09","modified_gmt":"2018-05-22T15:09:09","slug":"igy-vagodjunk-be-az-elso-pillanattol","status":"publish","type":"post","link":"https:\/\/allasorias.hu\/blog\/igy-vagodjunk-be-az-elso-pillanattol\/","title":{"rendered":"\u00cdgy v\u00e1g\u00f3djunk be az els\u0151 pillanatt\u00f3l"},"content":{"rendered":"<p><a href=\"https:\/\/allasorias.hu\/blog\/wp-content\/uploads\/2018\/05\/k\u00e9\u00e9\u00e9\u00e9\u00e9p.jpg\"><img loading=\"lazy\" decoding=\"async\" class=\"size-medium wp-image-1724 alignleft\" src=\"https:\/\/allasorias.hu\/blog\/wp-content\/uploads\/2018\/05\/k\u00e9\u00e9\u00e9\u00e9\u00e9p-300x202.jpg\" alt=\"\" width=\"300\" height=\"202\" srcset=\"https:\/\/allasorias.hu\/blog\/wp-content\/uploads\/2018\/05\/k\u00e9\u00e9\u00e9\u00e9\u00e9p-300x202.jpg 300w, https:\/\/allasorias.hu\/blog\/wp-content\/uploads\/2018\/05\/k\u00e9\u00e9\u00e9\u00e9\u00e9p.jpg 387w\" sizes=\"auto, (max-width: 300px) 100vw, 300px\" \/><\/a>Bel\u00e9pni egy \u00faj munkahelyre \u00f6r\u00f6mteli, izgalmas, \u00e9s egyben ijeszt\u0151 is lehet. Hogy fogunk kij\u00f6nni a koll\u00e9g\u00e1kkal? Milyen lesz a hangulat? Vajon akarnak majd vel\u00fcnk eb\u00e9delni? Szerencs\u00e9re tehet\u00fcnk az\u00e9rt, hogy j\u00f3 benyom\u00e1st kelts\u00fcnk. N\u00e9zz\u00fcnk meg ezek k\u00f6z\u00fcl n\u00e9gyet.<\/p>\n<ol>\n<li>Tudn\u00e1l mes\u00e9lni a feladatodr\u00f3l? Ahhoz, hogy eredm\u00e9nyesen tudjunk kommunik\u00e1lni m\u00e1s koll\u00e9g\u00e1kkal a c\u00e9gn\u00e9l, tudnunk kell, hogy pontosan mivel foglalkoznak. Meg kell \u00e9rten\u00fcnk a mi\u00e9rteket, a hogyanokat, stb. Persze, ha a c\u00edmjegyz\u00e9kben megn\u00e9zz\u00fck a titulust, abb\u00f3l tudunk k\u00f6vetkeztetni, de ugyanaz a poz\u00edci\u00f3n\u00e9v c\u00e9genk\u00e9nt m\u00e1st \u00e9s m\u00e1st jelent, m\u00e1sok a szok\u00e1sok, a folyamatok, ez\u00e9rt \u00e9rdemes \u00e9rdekl\u0151dni, hogy pontosan ki mivel foglalkozik. Ez szakmailag is fontos, nyilv\u00e1nval\u00f3an. De emellett kifejezi az \u00e9rdekl\u0151d\u00e9s\u00fcnket a t\u00f6bbi koll\u00e9ga ir\u00e1nt, ami alapvet\u0151en egy pozit\u00edv dolog.<\/li>\n<li>\u00a0Le\u00fclhetek ide? A legt\u00f6bb helyen az\u00e9rt elh\u00edvj\u00e1k az \u00faj koll\u00e9g\u00e1t eb\u00e9delni. F\u0151leg mert \u00e1ltal\u00e1ban k\u00edv\u00e1ncsiak a szem\u00e9lyre, ez\u00e9rt eb\u00e9d k\u00f6zben j\u00f3l kifaggatj\u00e1k. De ha m\u00e9gsem, nem kell egyed\u00fcl eb\u00e9delni, \u00e9s v\u00e1rni, hogy valaki meginvit\u00e1ljon minket. Egyszer\u0171en s\u00e9t\u00e1ljunk oda, ahol van n\u00e9h\u00e1ny szabad hely, \u00e9s k\u00e9rdezz\u00fck meg, hogy megehetn\u00e9nk-e ott az eb\u00e9d\u00fcnket. Val\u00f3sz\u00edn\u0171leg nem fognak ord\u00edtva elzavarni minket \ud83d\ude42 Ez az\u00e9rt is j\u00f3, mert ebb\u0151l azt l\u00e1tj\u00e1k az \u00faj koll\u00e9g\u00e1k, hogy bar\u00e1ts\u00e1gosak vagyunk, \u00e9s ha mi is k\u00f6nnyen k\u00f6zeled\u00fcnk, akkor hozz\u00e1nk is k\u00f6nnyebben fognak. Nem utols\u00f3 szempont az sem, hogy magabiztoss\u00e1got sugallunk ezzel. Ne felejts\u00fcnk el egy-k\u00e9t \u00e9rtelmes k\u00e9rd\u00e9st sem feltenni, hogy beind\u00edtsuk a t\u00e1rsalg\u00e1st.<\/li>\n<li>Hogyan lehetek a seg\u00edts\u00e9gedre? Ha m\u00e1r az els\u0151 ponton t\u00faljutottunk, \u00e9s \u00e9rtj\u00fck, hogy ki mit csin\u00e1l, akkor l\u00e9pj\u00fcnk egyel tov\u00e1bb. Tal\u00e1ljuk ki, (illetve k\u00e9rdezz\u00fcnk r\u00e1), hogy a munk\u00e1nk sor\u00e1n hogyan tudn\u00e1nk a leghat\u00e9konyabban seg\u00edteni a t\u00f6bbieket. A koll\u00e9g\u00e1k \u00e9s a vezet\u0151s\u00e9g sz\u00e1m\u00e1ra nagy \u00f6r\u00f6m, ha az \u00faj koll\u00e9g\u00e1t cs\u00fanya sz\u00f3val egy &#8222;eszk\u00f6zk\u00e9nt&#8221; l\u00e1thatj\u00e1k, aki meg tudja k\u00f6nny\u00edteni az \u00e9let\u00fcket. Ezzel bebizony\u00edthatjuk, hogy nem csak a magunk boldogul\u00e1sa a c\u00e9l, hanem a csapat\u00e9 is. Persze t\u00fal sokat ne v\u00e1llaljunk, \u00e9s ne legy\u00fcnk senkinek az inasa. Csak amennyit a feladatk\u00f6r\u00fcnk megk\u00f6vetel, plusz egy kis extra \ud83d\ude42<\/li>\n<li>Ha m\u00e1r a plusz egy kis extr\u00e1kn\u00e1l j\u00e1runk. Az els\u0151 h\u00e9ten m\u00e9g a nev\u00fcnket sem tudj\u00e1k, sem az e-mail c\u00edm\u00fcnket, sem azt, hogy kik vagyunk egy\u00e1ltal\u00e1n. (n\u00e9mi t\u00falz\u00e1ssal). Meg igaz\u00e1b\u00f3l m\u00e9g mi is elt\u00e9ved\u00fcnk a mosd\u00f3b\u00f3l visszafel\u00e9 tartva az irod\u00e1ba. Ezek miatt val\u00f3sz\u00edn\u0171leg nem is b\u00edznak r\u00e1nk olyan sok feladatot. Ez\u00e9rt az els\u0151 h\u00e9t mindig \u00e9rdekes, \u00e1ltla\u00e1ban csak \u00fcl\u00fcnk \u00e9s v\u00e1rjuk az utas\u00edt\u00e1sokat. Menj\u00fcnk el\u00e9be a dolgoknak, \u00e9s k\u00e9rdezz\u00fck meg, hogy tudunk-e valamit seg\u00edteni a t\u00f6bbieknek. \u00c1ltal\u00e1ban tudnak olyan feladatot adni, amit nincs kedv\u00fck megcsin\u00e1lni, de \u00f6r\u00fclnek, hogy valaki bev\u00e1llalja.<\/li>\n<\/ol>\n","protected":false},"excerpt":{"rendered":"<p>Bel\u00e9pni egy \u00faj munkahelyre \u00f6r\u00f6mteli, izgalmas, \u00e9s egyben ijeszt\u0151 is lehet. Hogy fogunk kij\u00f6nni a koll\u00e9g\u00e1kkal? Milyen lesz a hangulat? Vajon akarnak majd vel\u00fcnk eb\u00e9delni? Szerencs\u00e9re tehet\u00fcnk az\u00e9rt, hogy j\u00f3 benyom\u00e1st kelts\u00fcnk. N\u00e9zz\u00fcnk meg ezek k\u00f6z\u00fcl n\u00e9gyet. Tudn\u00e1l mes\u00e9lni a feladatodr\u00f3l? Ahhoz, hogy eredm\u00e9nyesen tudjunk kommunik\u00e1lni m\u00e1s koll\u00e9g\u00e1kkal a c\u00e9gn\u00e9l, tudnunk kell, hogy pontosan mivel [&hellip;]<\/p>\n","protected":false},"author":3,"featured_media":1724,"comment_status":"open","ping_status":"open","sticky":false,"template":"","format":"standard","meta":{"_monsterinsights_skip_tracking":false,"_monsterinsights_sitenote_active":false,"_monsterinsights_sitenote_note":"","_monsterinsights_sitenote_category":0,"footnotes":""},"categories":[176],"tags":[],"class_list":["post-1723","post","type-post","status-publish","format-standard","has-post-thumbnail","hentry","category-munkahelyi-kapcsolatok"],"aioseo_notices":[],"_links":{"self":[{"href":"https:\/\/allasorias.hu\/blog\/wp-json\/wp\/v2\/posts\/1723","targetHints":{"allow":["GET"]}}],"collection":[{"href":"https:\/\/allasorias.hu\/blog\/wp-json\/wp\/v2\/posts"}],"about":[{"href":"https:\/\/allasorias.hu\/blog\/wp-json\/wp\/v2\/types\/post"}],"author":[{"embeddable":true,"href":"https:\/\/allasorias.hu\/blog\/wp-json\/wp\/v2\/users\/3"}],"replies":[{"embeddable":true,"href":"https:\/\/allasorias.hu\/blog\/wp-json\/wp\/v2\/comments?post=1723"}],"version-history":[{"count":1,"href":"https:\/\/allasorias.hu\/blog\/wp-json\/wp\/v2\/posts\/1723\/revisions"}],"predecessor-version":[{"id":1725,"href":"https:\/\/allasorias.hu\/blog\/wp-json\/wp\/v2\/posts\/1723\/revisions\/1725"}],"wp:featuredmedia":[{"embeddable":true,"href":"https:\/\/allasorias.hu\/blog\/wp-json\/wp\/v2\/media\/1724"}],"wp:attachment":[{"href":"https:\/\/allasorias.hu\/blog\/wp-json\/wp\/v2\/media?parent=1723"}],"wp:term":[{"taxonomy":"category","embeddable":true,"href":"https:\/\/allasorias.hu\/blog\/wp-json\/wp\/v2\/categories?post=1723"},{"taxonomy":"post_tag","embeddable":true,"href":"https:\/\/allasorias.hu\/blog\/wp-json\/wp\/v2\/tags?post=1723"}],"curies":[{"name":"wp","href":"https:\/\/api.w.org\/{rel}","templated":true}]}}